{"id":956,"date":"2025-03-23T13:35:59","date_gmt":"2025-03-23T12:35:59","guid":{"rendered":"https:\/\/massages-girard.fr\/?p=956"},"modified":"2025-10-16T12:32:39","modified_gmt":"2025-10-16T10:32:39","slug":"portes-ouvertes-speciales-printemps","status":"publish","type":"post","link":"https:\/\/massages-girard.fr\/en\/portes-ouvertes-speciales-printemps\/","title":{"rendered":"Portes Ouvertes Sp\u00e9ciales Printemps"},"content":{"rendered":"<figure class=\"wp-block-image aligncenter size-large\"><img data-recalc-dims=\"1\" loading=\"lazy\" decoding=\"async\" width=\"580\" height=\"820\" src=\"https:\/\/i0.wp.com\/massages-girard.fr\/wp-content\/uploads\/2025\/03\/2025-04-05-EAS-Animation-DETOX-A4-724x1024.jpeg?resize=580%2C820&#038;ssl=1\" alt=\"\" class=\"wp-image-957\" srcset=\"https:\/\/i0.wp.com\/massages-girard.fr\/wp-content\/uploads\/2025\/03\/2025-04-05-EAS-Animation-DETOX-A4.jpeg?resize=724%2C1024&amp;ssl=1 724w, https:\/\/i0.wp.com\/massages-girard.fr\/wp-content\/uploads\/2025\/03\/2025-04-05-EAS-Animation-DETOX-A4.jpeg?resize=212%2C300&amp;ssl=1 212w, https:\/\/i0.wp.com\/massages-girard.fr\/wp-content\/uploads\/2025\/03\/2025-04-05-EAS-Animation-DETOX-A4.jpeg?resize=768%2C1086&amp;ssl=1 768w, https:\/\/i0.wp.com\/massages-girard.fr\/wp-content\/uploads\/2025\/03\/2025-04-05-EAS-Animation-DETOX-A4.jpeg?resize=1086%2C1536&amp;ssl=1 1086w, https:\/\/i0.wp.com\/massages-girard.fr\/wp-content\/uploads\/2025\/03\/2025-04-05-EAS-Animation-DETOX-A4.jpeg?resize=1200%2C1697&amp;ssl=1 1200w, https:\/\/i0.wp.com\/massages-girard.fr\/wp-content\/uploads\/2025\/03\/2025-04-05-EAS-Animation-DETOX-A4.jpeg?resize=600%2C849&amp;ssl=1 600w, https:\/\/i0.wp.com\/massages-girard.fr\/wp-content\/uploads\/2025\/03\/2025-04-05-EAS-Animation-DETOX-A4.jpeg?w=1414&amp;ssl=1 1414w\" sizes=\"auto, (max-width: 580px) 100vw, 580px\" \/><\/figure>\n\n\n\n<p>Une nouvelle animation est pr\u00e9vue ce samedi 5 avril, de 14h \u00e0 18h \u00e0 l&rsquo;Espace Attitude Sant\u00e9 !<\/p>\n\n\n\n<p>Je serai pr\u00e9sent d\u00e8s 15h pour vous proposer un massage Amma assis, ainsi qu&rsquo;une pr\u00e9sentation de mes autres prestations avec un focus sur la Cure Minceur.<\/p>\n\n\n\n<p>Les ateliers sont gratuits, mais les places limit\u00e9es. R\u00e9servez un cr\u00e9neau d\u00e8s maintenant.<\/p>\n\n\n\n<p>Au programme :<\/p>\n\n\n\n<ul class=\"wp-block-list\">\n<li>Detox<\/li>\n\n\n\n<li>Pilates<\/li>\n\n\n\n<li>Massage<\/li>\n\n\n\n<li>Yoga<\/li>\n\n\n\n<li>Swissball<\/li>\n<\/ul>\n\n\n\n<p><\/p>","protected":false},"excerpt":{"rendered":"<p>Une nouvelle animation est pr\u00e9vue ce samedi 5 avril, de 14h \u00e0 18h \u00e0 l&rsquo;Espace Attitude Sant\u00e9 ! Je serai pr\u00e9sent d\u00e8s 15h pour vous proposer un massage Amma assis, ainsi qu&rsquo;une pr\u00e9sentation de mes autres prestations avec un focus sur la Cure Minceur. Les ateliers sont gratuits, mais les places limit\u00e9es. R\u00e9servez un cr\u00e9neau [&hellip;]<\/p>\n","protected":false},"author":1,"featured_media":0,"comment_status":"closed","ping_status":"closed","sticky":false,"template":"","format":"standard","meta":{"_monsterinsights_skip_tracking":false,"_monsterinsights_sitenote_active":false,"_monsterinsights_sitenote_note":"","_monsterinsights_sitenote_category":0,"_jetpack_memberships_contains_paid_content":false,"footnotes":""},"categories":[28],"tags":[],"class_list":["post-956","post","type-post","status-publish","format-standard","hentry","category-actu"],"jetpack_featured_media_url":"","jetpack-related-posts":[{"id":939,"url":"https:\/\/massages-girard.fr\/en\/un-moment-pour-soi-sport-bien-etre-le-14-decembre-a-lespace-attitude-sante\/","url_meta":{"origin":956,"position":0},"title":"\u00ab\u00a0Un Moment pour Soi\u00a0\u00bb Sport &amp; Bien-\u00catre, le 14 d\u00e9cembre \u00e0 l&rsquo;Espace Attitude Sant\u00e9","author":"admin7613","date":"8 December 2024","format":false,"excerpt":"Programme 14h30\u00a0 Atelier soin des Mains \u00a0Cours de Pilates 15h Atelier soin du Dos \u00a0\u00a0\u00a0\u00a0\u00a0\u00a0\u00a0\u00a0\u00a0\u00a0 Atelier soin des Mains 15h30 Atelier soin du Dos \u00a0\u00a0\u00a0\u00a0 Cours de Pilates 16h Atelier soin des Main Cours de Pilates 16h30 Atelier soin des Mains \u00a0\u00a0\u00a0 Atelier soin du Dos 17h Tirage au sort\u2026","rel":"","context":"In &quot;Actu&quot;","block_context":{"text":"Actu","link":"https:\/\/massages-girard.fr\/en\/category\/actu\/"},"img":{"alt_text":"","src":"https:\/\/i0.wp.com\/massages-girard.fr\/wp-content\/uploads\/2024\/12\/2024-12-14-Event-Sport-BE-EAS.jpeg?resize=350%2C200&ssl=1","width":350,"height":200,"srcset":"https:\/\/i0.wp.com\/massages-girard.fr\/wp-content\/uploads\/2024\/12\/2024-12-14-Event-Sport-BE-EAS.jpeg?resize=350%2C200&ssl=1 1x, https:\/\/i0.wp.com\/massages-girard.fr\/wp-content\/uploads\/2024\/12\/2024-12-14-Event-Sport-BE-EAS.jpeg?resize=525%2C300&ssl=1 1.5x, https:\/\/i0.wp.com\/massages-girard.fr\/wp-content\/uploads\/2024\/12\/2024-12-14-Event-Sport-BE-EAS.jpeg?resize=700%2C400&ssl=1 2x, https:\/\/i0.wp.com\/massages-girard.fr\/wp-content\/uploads\/2024\/12\/2024-12-14-Event-Sport-BE-EAS.jpeg?resize=1050%2C600&ssl=1 3x"},"classes":[]}],"jetpack_sharing_enabled":true,"_links":{"self":[{"href":"https:\/\/massages-girard.fr\/en\/wp-json\/wp\/v2\/posts\/956","targetHints":{"allow":["GET"]}}],"collection":[{"href":"https:\/\/massages-girard.fr\/en\/wp-json\/wp\/v2\/posts"}],"about":[{"href":"https:\/\/massages-girard.fr\/en\/wp-json\/wp\/v2\/types\/post"}],"author":[{"embeddable":true,"href":"https:\/\/massages-girard.fr\/en\/wp-json\/wp\/v2\/users\/1"}],"replies":[{"embeddable":true,"href":"https:\/\/massages-girard.fr\/en\/wp-json\/wp\/v2\/comments?post=956"}],"version-history":[{"count":1,"href":"https:\/\/massages-girard.fr\/en\/wp-json\/wp\/v2\/posts\/956\/revisions"}],"predecessor-version":[{"id":958,"href":"https:\/\/massages-girard.fr\/en\/wp-json\/wp\/v2\/posts\/956\/revisions\/958"}],"wp:attachment":[{"href":"https:\/\/massages-girard.fr\/en\/wp-json\/wp\/v2\/media?parent=956"}],"wp:term":[{"taxonomy":"category","embeddable":true,"href":"https:\/\/massages-girard.fr\/en\/wp-json\/wp\/v2\/categories?post=956"},{"taxonomy":"post_tag","embeddable":true,"href":"https:\/\/massages-girard.fr\/en\/wp-json\/wp\/v2\/tags?post=956"}],"curies":[{"name":"wp","href":"https:\/\/api.w.org\/{rel}","templated":true}]}}